{"id":13726,"date":"2025-06-18T19:29:39","date_gmt":"2025-06-18T17:29:39","guid":{"rendered":"https:\/\/firesifestes.es\/totes-les-verbenes-del-mes-de-juny-consulta-els-horaris\/"},"modified":"2025-07-01T10:54:51","modified_gmt":"2025-07-01T08:54:51","slug":"totes-les-verbenes-del-mes-de-juny-consulta-els-horaris","status":"publish","type":"post","link":"https:\/\/firesifestes.es\/es\/totes-les-verbenes-del-mes-de-juny-consulta-els-horaris\/","title":{"rendered":"Todas las verbenas de junio en Mallorca: consulta los horarios"},"content":{"rendered":"\n<p>Ya empieza el verano y con \u00e9l llegan los eventos m\u00e1s esperados del a\u00f1o para los mallorquines: \u00a1las verbenas! M\u00fasica en vivo, plazas llenas, noches largas y buen ambiente en los pueblos de toda la isla.<br>Aqu\u00ed tienes una recopilaci\u00f3n de los conciertos y fiestas m\u00e1s destacadas de este mes de junio.<\/p>\n\n\n\n<p><strong>Viernes 20 de junio<\/strong><\/p>\n\n\n\n<p><strong>Mancor de la Vall<\/strong><br>\ud83d\udccd Pla\u00e7a de Dalt<br>\ud83d\udd5a 23h<br>\ud83c\udf89 Moguda Mancorina con la participaci\u00f3n de Hot Dog, Lolas, Enrockats y Miki &amp; Karls<br><a href=\"https:\/\/firesifestes.es\/es\/evento\/festes-de-sant-joan-a-mancor-de-la-vall\/\" title=\"\">\ud83d\udd17 Consulta el programa completo clicando aqu\u00ed.<\/a><\/p>\n\n\n\n<p><strong>Muro<\/strong><br>\ud83d\udccd Pla\u00e7a Major<br>\ud83d\udd65 23.30h<br>\ud83c\udf89 Fiesta Joven con las actuaciones de Enrockats, Sideways, Eugeni y Marieta<br><a href=\"https:\/\/ajmuro.net\/sites\/cilma_muro\/files\/2025-06\/muro%20SANT%20JOAN%202025.pdf\" title=\"\">\ud83d\udd17 Consulta el programa completo clicando aqu\u00ed.<\/a><\/p>\n\n\n\n<p><strong>Esporles<\/strong><br>\ud83d\udccd Placeta des Jardinet<br>\ud83d\udd59 22h<br>\ud83c\udfb6 Con las actuaciones de Joan Rigo DJ y The Lira\u2019s Band<br><a href=\"https:\/\/esporles.cat\/sites\/cilma_esporles\/files\/2025-06\/PROGRAMA%20DE%20SANT%20PERE%202025.pdf\" title=\"\">\ud83d\udd17 Consulta el programa completo clicando aqu\u00ed.<\/a><\/p>\n\n\n\n<p><strong>S\u00e1bado 21 de junio<\/strong><\/p>\n\n\n\n<p><strong>Dei\u00e0<\/strong><br>\ud83d\udccd Pistas deportivas<br>\ud83d\udd5a 23h<br>\ud83c\udfb6 Con la participaci\u00f3n de EVA, Enrockats y DJ Stormi<br><a href=\"https:\/\/ajdeia.net\/sites\/cilma_deia\/files\/2025-06\/PROGRAMA%20FESTES%202025.pdf\" title=\"\">\ud83d\udd17 Consulta el programa completo clicando aqu\u00ed.<\/a><\/p>\n\n\n\n<p><strong>Muro<\/strong><br>\ud83d\udccd Pla\u00e7a Major<br>\ud83d\udd65 23.30h<br>\ud83c\udf89 Fiesta Flower Power con Juan Campos, DJ Fideu y DJ Biel Martorell<br><a href=\"https:\/\/ajmuro.net\/sites\/cilma_muro\/files\/2025-06\/muro%20SANT%20JOAN%202025.pdf\" title=\"\">\ud83d\udd17 Consulta el programa completo clicando aqu\u00ed.<\/a><\/p>\n\n\n\n<p><strong>Son Servera<\/strong><br>\ud83d\udccd Pla\u00e7a del Mercat<br>\ud83d\udd5a 23h<br>\ud83c\udfb6 Concierto Pop con Aftersuns, Los Inhumanos y Jaume Colomb\u00e0s DJ<br><a href=\"https:\/\/www.sonservera.es\/portal\/RecursosWeb\/DOCUMENTOS\/1\/0_10773_1.pdf\" title=\"\">\ud83d\udd17 Consulta el programa completo clicando aqu\u00ed.<\/a><\/p>\n\n\n\n<p><strong>Mancor de la Vall<\/strong><br>\ud83d\udccd Pla\u00e7a de Dalt<br>\ud83d\udd65 22.30h<br>\ud83c\udfb6 Con la actuaci\u00f3n de Orquestra del Pla<br><a href=\"https:\/\/firesifestes.es\/es\/evento\/festes-de-sant-joan-a-mancor-de-la-vall\/\" title=\"\">\ud83d\udd17 Consulta el programa completo clicando aqu\u00ed.<\/a><\/p>\n\n\n\n<p><strong>Lunes 23 de junio<\/strong><\/p>\n\n\n\n<p><strong>Muro<\/strong><br>\ud83d\udccd Pla\u00e7a Major<br>\ud83d\udd5b 00h<br>\ud83c\udfa7 Con DJ Llu\u00eds Perell\u00f3<br><a href=\"https:\/\/ajmuro.net\/sites\/cilma_muro\/files\/2025-06\/muro%20SANT%20JOAN%202025.pdf\" title=\"\">\ud83d\udd17 Consulta el programa completo clicando aqu\u00ed.<\/a><\/p>\n\n\n\n<p><strong>Son Servera<\/strong><br>\ud83d\udccd Pla\u00e7a des Mercat<br>\ud83d\udd59 22h<br>\ud83c\udfb6 Con Orquestra Aquarius, Grup Eva y Valnou<br><a href=\"https:\/\/www.sonservera.es\/portal\/RecursosWeb\/DOCUMENTOS\/1\/0_10773_1.pdf\" title=\"\">\ud83d\udd17 Consulta el programa completo clicando aqu\u00ed.<\/a><\/p>\n\n\n\n<p><strong>Calvi\u00e0 (Santa Pon\u00e7a)<\/strong><br>\ud83d\udccd Pla\u00e7a de la Pinada<br>\ud83d\udd64 21.30h<br>\ud83c\udfb6 Con Alma Sonora y Jaume Colomb\u00e0s<br><a href=\"https:\/\/www.calvia.com\/ca\/arees-municipals\/participacio-ciutadana-i-associacions\/sant-joan-2025?set_language=ca\" title=\"\">\ud83d\udd17 Consulta el programa completo clicando aqu\u00ed.<\/a><\/p>\n\n\n\n<p><strong>Ses Salines<\/strong><br>\ud83d\udccd Cala Galiota<br>\ud83d\udd5a 23h<br>\ud83c\udfb6 Concierto de Spoty Funk<\/p>\n\n\n\n<p><strong>Palma<\/strong><br>\ud83d\udd63 20.30h<br>\ud83c\udfb6 Con Al-Mayurqa y P\u00e8l de Gall<\/p>\n\n\n\n<p><strong>Viernes 27 de junio<\/strong><\/p>\n\n\n\n<p><strong>Esporles<\/strong><br>\ud83d\udccd Placeta des Jardinet<br>\ud83d\udd5a 23h<br>\ud83c\udfb6 Con O-erra, Los Brindis, \u00d2rbita 90 y Santi P\u00e9rez DJ<br><a href=\"https:\/\/esporles.cat\/sites\/cilma_esporles\/files\/2025-06\/PROGRAMA%20DE%20SANT%20PERE%202025.pdf\" title=\"\">\ud83d\udd17 Consulta el programa completo clicando aqu\u00ed.<\/a><\/p>\n\n\n\n<p><strong>Marratx\u00ed (Sant Mar\u00e7al)<\/strong><br>\ud83d\udccd Pla\u00e7a de Sant Mar\u00e7al<br>\ud83d\udd57 20h<br>\ud83c\udfb6 Con Xanguito, Grup Eva y DJ Xisqueta<br><a href=\"https:\/\/www.marratxi.es\/festes-sant-marcal\/\" title=\"\">\ud83d\udd17 Consulta el programa completo clicando aqu\u00ed.<\/a><\/p>\n\n\n\n<p><strong>B\u00fager<\/strong><br>\ud83d\udd65 23.30h<br>\ud83c\udfb6 Con DJ Jaume Colomb\u00e0s, Caspary y Valnou<br><a href=\"https:\/\/www.ajbuger.net\/sites\/cilma_buger\/files\/2025-06\/Festes%20de%20Sant%20Pere%202025.pdf\" title=\"\">\ud83d\udd17 Consulta el programa completo clicando aqu\u00ed.<\/a><\/p>\n\n\n\n<p><strong>Andratx<\/strong><br>\ud83d\udccd Pla\u00e7a d\u2019Espanya<br>\ud83d\udd64 21.30h<br>\ud83c\udfb6 Con Orquestra La Tinbrass Band, Ves-hi tu, Gintonics Band y DJ Tolo Martorell<br><a href=\"https:\/\/firesifestes.es\/es\/evento\/festes-de-sant-pere-dandratx\/\" title=\"\">\ud83d\udd17 Consulta el programa completo clicando aqu\u00ed.<\/a><\/p>\n\n\n\n<p><strong>Palma (Santa Catalina)<\/strong><br>\ud83d\udccd Pla\u00e7a Porta Pintada<br>\ud83d\udd57 20h<br>\ud83c\udf89 Festes des Puig de Sant Pere con DJ Molent, teatro musical \u201cHoy no me puedo levantar\u201d, Grup Cacao y DJ Ni\u00f1o Alcalino<br><a href=\"https:\/\/drive.google.com\/file\/d\/1zXStzPUdxmjVwbf_UwtzTRS62zxH2XcY\/view?fbclid=PAZXh0bgNhZW0CMTEAAaeK2TxuaeKUnHy8Z_FkqeQ_gojihEgghKAIh4iQfWsxauRosI3Rda7F0cd7BA_aem_OrtK5AnkNFxHcnvBLc4S-A\" title=\"\">\ud83d\udd17 Consulta el programa completo clicando aqu\u00ed.<\/a><\/p>\n\n\n\n<p><strong>S\u00e1bado 28 de junio<\/strong><\/p>\n\n\n\n<p><strong>Marratx\u00ed (Sant Mar\u00e7al)<\/strong><br>\ud83d\udccd Pla\u00e7a de Sant Mar\u00e7al<br>\ud83d\udd59 22h<br>\ud83c\udfb6 Con Funambulista, Valnou y Lady Gosya<br><a href=\"https:\/\/www.marratxi.es\/festes-sant-marcal\/\" title=\"\">\ud83d\udd17 Consulta el programa completo clicando aqu\u00ed.<\/a><\/p>\n\n\n\n<p><strong>Alar\u00f3<\/strong><br>\ud83d\udccd Pla\u00e7a de Cabrit i Bassa<br>\ud83d\udd59 22h<br>\ud83c\udfb6 Con New Noise, Jo qu\u00e8 s\u00e9, DJ Marieta y Charming Man<br><a href=\"https:\/\/firesifestes.es\/es\/evento\/festes-de-sant-pere-2025-a-alaro\/\" title=\"\">\ud83d\udd17 Consulta el programa completo clicando aqu\u00ed.<\/a><\/p>\n\n\n\n<p><strong>Andratx<\/strong><br>\ud83d\udd59 22h<br>\ud83c\udfb6 Con Duo G\u00e9minis y Orquestra Azahara<br><a href=\"https:\/\/firesifestes.es\/es\/evento\/festes-de-sant-pere-dandratx\/\" title=\"\">\ud83d\udd17 Consulta el programa completo clicando aqu\u00ed.<\/a><\/p>\n\n\n\n<p><strong>Domingo 29 de junio<\/strong><\/p>\n\n\n\n<p><strong>Esporles<\/strong><br>\ud83d\udccd Placeta des Jardinet<br>\ud83d\udd5a 23h<br>\ud83c\udf89 Espect\u00e1culo musical que recorre estilos como Yey\u00e9, Disco, Rock-Indiepop, Urbana y Electr\u00f3nica<br><a href=\"https:\/\/esporles.cat\/sites\/cilma_esporles\/files\/2025-06\/PROGRAMA%20DE%20SANT%20PERE%202025.pdf\" title=\"\">\ud83d\udd17 Consulta el programa completo clicando aqu\u00ed.<\/a><\/p>\n\n\n\n<p><strong>Andratx<\/strong><br>\ud83d\udccd Pla\u00e7a d\u2019Espanya<br>\ud83d\udd54 17h<br>\ud83c\udf89 Tardeo con The Little Kiss, DJs, Madisos y Calipos<br><a href=\"https:\/\/firesifestes.es\/es\/evento\/festes-de-sant-pere-dandratx\/\" title=\"\">\ud83d\udd17 Consulta el programa completo clicando aqu\u00ed.<\/a><\/p>\n\n\n\n<hr class=\"wp-block-separator has-alpha-channel-opacity\"\/>\n\n\n\n<p>\u00bfY t\u00fa, ya sabes a cu\u00e1l vas a ir? Sea de donde seas, tienes una verbena cerca esper\u00e1ndote. As\u00ed que prep\u00e1rate para bailar, cantar y disfrutar del verano \u00a1como solo sabemos hacerlo en Mallorca!<\/p>\n\n\n\n<p><\/p>\n","protected":false},"excerpt":{"rendered":"<p>Ya empieza el verano y con \u00e9l llegan los eventos m\u00e1s esperados del a\u00f1o para los mallorquines: \u00a1las verbenas! M\u00fasica en vivo, plazas llenas, noches largas y buen ambiente en los pueblos de toda la isla.Aqu\u00ed tienes una recopilaci\u00f3n de los conciertos y fiestas m\u00e1s destacadas de este mes de junio. Viernes 20 de junio [&hellip;]<\/p>\n","protected":false},"author":5,"featured_media":13739,"comment_status":"closed","ping_status":"closed","sticky":false,"template":"","format":"standard","meta":{"_acf_changed":false,"footnotes":""},"categories":[1],"tags":[],"class_list":["post-13726","post","type-post","status-publish","format-standard","has-post-thumbnail","hentry","category-evento"],"acf":[],"aioseo_notices":[],"_links":{"self":[{"href":"https:\/\/firesifestes.es\/es\/wp-json\/wp\/v2\/posts\/13726","targetHints":{"allow":["GET"]}}],"collection":[{"href":"https:\/\/firesifestes.es\/es\/wp-json\/wp\/v2\/posts"}],"about":[{"href":"https:\/\/firesifestes.es\/es\/wp-json\/wp\/v2\/types\/post"}],"author":[{"embeddable":true,"href":"https:\/\/firesifestes.es\/es\/wp-json\/wp\/v2\/users\/5"}],"replies":[{"embeddable":true,"href":"https:\/\/firesifestes.es\/es\/wp-json\/wp\/v2\/comments?post=13726"}],"version-history":[{"count":7,"href":"https:\/\/firesifestes.es\/es\/wp-json\/wp\/v2\/posts\/13726\/revisions"}],"predecessor-version":[{"id":13736,"href":"https:\/\/firesifestes.es\/es\/wp-json\/wp\/v2\/posts\/13726\/revisions\/13736"}],"wp:featuredmedia":[{"embeddable":true,"href":"https:\/\/firesifestes.es\/es\/wp-json\/wp\/v2\/media\/13739"}],"wp:attachment":[{"href":"https:\/\/firesifestes.es\/es\/wp-json\/wp\/v2\/media?parent=13726"}],"wp:term":[{"taxonomy":"category","embeddable":true,"href":"https:\/\/firesifestes.es\/es\/wp-json\/wp\/v2\/categories?post=13726"},{"taxonomy":"post_tag","embeddable":true,"href":"https:\/\/firesifestes.es\/es\/wp-json\/wp\/v2\/tags?post=13726"}],"curies":[{"name":"wp","href":"https:\/\/api.w.org\/{rel}","templated":true}]}}