{"id":16160,"date":"2026-03-13T08:54:33","date_gmt":"2026-03-13T07:54:33","guid":{"rendered":"https:\/\/firesifestes.es\/?p=16160"},"modified":"2026-03-20T13:00:21","modified_gmt":"2026-03-20T12:00:21","slug":"la-feria-de-abril-vuelve-a-palma","status":"publish","type":"post","link":"https:\/\/firesifestes.es\/es\/la-feria-de-abril-vuelve-a-palma\/","title":{"rendered":"La Feria de Abril vuelve a Palma"},"content":{"rendered":"\n<p><strong>Palma, 13 de marzo de 2026.-<\/strong>&nbsp;Palma recupera una de sus tradiciones populares m\u00e1s queridas. La Casa de Andaluc\u00eda en Baleares, en estrecha colaboraci\u00f3n con el Ajuntament de Palma, ha presentado este viernes el regreso oficial de la Feria de Abril, que&nbsp;<strong>volver\u00e1 a llenar de color, m\u00fasica y alegr\u00eda la capital balear<\/strong>&nbsp;entre los d\u00edas&nbsp;<strong>23 y 26 de abril en Son Fusteret<\/strong>, retomando as\u00ed una celebraci\u00f3n cuya \u00faltima edici\u00f3n se remontaba al a\u00f1o 2013.<\/p>\n\n\n\n<p>El acto de presentaci\u00f3n, celebrado esta ma\u00f1ana en la sala de plenos del Ajuntament, ha estado encabezado por el&nbsp;<strong>alcalde de Palma, Jaime Mart\u00ednez<\/strong>, y el&nbsp;<strong>presidente de la Casa de Andaluc\u00eda en Baleares, Rafael del Rey<\/strong>. Para ir abriendo boca y trasladar el esp\u00edritu de la fiesta al Consistorio, el evento ha contado con la actuaci\u00f3n en directo de&nbsp;<strong>\u00abPura Raza Mallorca\u00bb<\/strong>, una reconocida formaci\u00f3n art\u00edstica de la isla que ha puesto la nota musical a la jornada con una muestra de su aut\u00e9ntico talento y arte flamenco.<\/p>\n\n\n\n<p>La recuperaci\u00f3n de la Feria de Abril supone&nbsp;<strong>devolver a la ciudadan\u00eda un gran espacio de encuentro festivo y abierto<\/strong>. El objetivo es que la feria vuelva a consolidarse como uno de los grandes acontecimientos del calendario de ocio de la ciudad, brindando una experiencia de calidad para todas las edades.<\/p>\n\n\n\n<p>En este sentido,&nbsp;<strong>el nuevo modelo garantiza el ambiente aut\u00e9ntico de la feria<\/strong>. La programaci\u00f3n musical dar\u00e1 prioridad a la cultura tradicional andaluza, con sevillanas, flamenco y rumbas sonando en todas las casetas durante la mayor parte de la jornada. Asimismo, la oferta gastron\u00f3mica estar\u00e1 cuidada al detalle, poniendo a disposici\u00f3n de los visitantes productos propios de esta festividad, como frituras, jam\u00f3n, tapas y bebidas t\u00edpicas como el fino, la manzanilla o el rebujito. El evento se complementar\u00e1 adem\u00e1s con actos emblem\u00e1ticos como la tradicional&nbsp;<strong>Misa Rociera<\/strong>&nbsp;y un espect\u00e1culo a cargo de la&nbsp;<strong>Polic\u00eda Montada<\/strong>.<\/p>\n\n\n\n<p>Durante su intervenci\u00f3n, el alcalde de Palma,&nbsp;<strong>Jaime Mart\u00ednez<\/strong>, ha destacado el esfuerzo conjunto para hacer realidad este proyecto:&nbsp;<em>\u201c<strong>Desde el Ajuntament ten\u00edamos claro que deb\u00edamos apoyar esta iniciativa y trabajar codo con codo con la Casa de Andaluc\u00eda. Era una obligaci\u00f3n institucional y moral recuperar este espacio para que la feria vuelva con la dignidad, la seguridad y el nivel que merece nuestra ciudad<\/strong>\u201d<\/em>.<\/p>\n\n\n\n<p>Asimismo, ha querido hacer hincapi\u00e9 en el car\u00e1cter integrador de la cita, lanzando una invitaci\u00f3n abierta:&nbsp;<em>\u201c<strong>Quiero invitar a todos los palmesanos, a los mallorquines y a quienes nos visitan estos d\u00edas a que se acerquen a Son Fusteret. Esta no es solo una fiesta de los andaluces, es una fiesta de toda Palma para compartir unos d\u00edas de alegr\u00eda, familia y convivencia<\/strong>\u201d<\/em>.<\/p>\n\n\n\n<p>Por su parte, el presidente de la Casa de Andaluc\u00eda en Baleares,&nbsp;<strong>Rafael del Rey<\/strong>, ha subrayado que:&nbsp;<em>\u201c<strong>No tendr\u00edamos que haber estado tantos a\u00f1os sin la Feria de Abril, pero hoy acaba de nacer su nueva etapa. Es una celebraci\u00f3n que se merece el pueblo de Palma y los andaluces que residimos aqu\u00ed, y queremos que todos la hagamos nuestra. Es el momento de volver a disfrutar de una feria de verdad, la aut\u00e9ntica; una feria de sevillanas, basada en nuestra cultura, nuestra gastronom\u00eda y el buen ambiente para que la disfrute toda la gente<\/strong>\u201d<\/em>.<\/p>\n\n\n\n<p><strong>Un puente entre culturas<\/strong><\/p>\n\n\n\n<p>M\u00e1s all\u00e1 de su evidente dimensi\u00f3n festiva, el regreso de la Feria de Abril tiene una profunda carga simb\u00f3lica e institucional. El evento supone un&nbsp;<strong>reconocimiento al fuerte v\u00ednculo hist\u00f3rico, humano y emocional existente entre Andaluc\u00eda y Mallorca<\/strong>.<\/p>\n\n\n\n<p>Se trata de una relaci\u00f3n forjada durante d\u00e9cadas a trav\u00e9s de\u00a0<strong>miles de familias que han contribuido activamente a construir la identidad diversa e integradora de la isla<\/strong>. Bajo este esp\u00edritu, la nueva Feria de Abril nace con la vocaci\u00f3n de ser una celebraci\u00f3n compartida, donde el sentimiento andaluz y el mallorqu\u00edn convivan con total naturalidad, invitando a residentes y visitantes a disfrutar de cuatro d\u00edas de hermandad.<\/p>\n\n\n\n<p><\/p>\n","protected":false},"excerpt":{"rendered":"<p>Palma, 13 de marzo de 2026.-&nbsp;Palma recupera una de sus tradiciones populares m\u00e1s queridas. La Casa de Andaluc\u00eda en Baleares, en estrecha colaboraci\u00f3n con el Ajuntament de Palma, ha presentado este viernes el regreso oficial de la Feria de Abril, que&nbsp;volver\u00e1 a llenar de color, m\u00fasica y alegr\u00eda la capital balear&nbsp;entre los d\u00edas&nbsp;23 y 26 [&hellip;]<\/p>\n","protected":false},"author":5,"featured_media":16161,"comment_status":"closed","ping_status":"closed","sticky":false,"template":"","format":"standard","meta":{"_acf_changed":false,"footnotes":""},"categories":[1],"tags":[],"class_list":["post-16160","post","type-post","status-publish","format-standard","has-post-thumbnail","hentry","category-evento"],"acf":[],"aioseo_notices":[],"_links":{"self":[{"href":"https:\/\/firesifestes.es\/es\/wp-json\/wp\/v2\/posts\/16160","targetHints":{"allow":["GET"]}}],"collection":[{"href":"https:\/\/firesifestes.es\/es\/wp-json\/wp\/v2\/posts"}],"about":[{"href":"https:\/\/firesifestes.es\/es\/wp-json\/wp\/v2\/types\/post"}],"author":[{"embeddable":true,"href":"https:\/\/firesifestes.es\/es\/wp-json\/wp\/v2\/users\/5"}],"replies":[{"embeddable":true,"href":"https:\/\/firesifestes.es\/es\/wp-json\/wp\/v2\/comments?post=16160"}],"version-history":[{"count":1,"href":"https:\/\/firesifestes.es\/es\/wp-json\/wp\/v2\/posts\/16160\/revisions"}],"predecessor-version":[{"id":16163,"href":"https:\/\/firesifestes.es\/es\/wp-json\/wp\/v2\/posts\/16160\/revisions\/16163"}],"wp:featuredmedia":[{"embeddable":true,"href":"https:\/\/firesifestes.es\/es\/wp-json\/wp\/v2\/media\/16161"}],"wp:attachment":[{"href":"https:\/\/firesifestes.es\/es\/wp-json\/wp\/v2\/media?parent=16160"}],"wp:term":[{"taxonomy":"category","embeddable":true,"href":"https:\/\/firesifestes.es\/es\/wp-json\/wp\/v2\/categories?post=16160"},{"taxonomy":"post_tag","embeddable":true,"href":"https:\/\/firesifestes.es\/es\/wp-json\/wp\/v2\/tags?post=16160"}],"curies":[{"name":"wp","href":"https:\/\/api.w.org\/{rel}","templated":true}]}}