{"id":16359,"date":"2026-04-29T23:09:01","date_gmt":"2026-04-29T21:09:01","guid":{"rendered":"https:\/\/firesifestes.es\/el-pla-que-ho-petara-a-palma-aquest-pont-de-maig\/"},"modified":"2026-04-29T23:23:33","modified_gmt":"2026-04-29T21:23:33","slug":"el-pla-que-ho-petara-a-palma-aquest-pont-de-maig","status":"publish","type":"post","link":"https:\/\/firesifestes.es\/es\/el-pla-que-ho-petara-a-palma-aquest-pont-de-maig\/","title":{"rendered":"Be Palma: El planazo del Puente de Mayo"},"content":{"rendered":"\n<p>Si hay un ambiente que va a marcar este puente de mayo en Palma, es el de Be Palma. Del 29 de abril al 3 de mayo, el Parc de la Mar se transforma en un gran punto de encuentro frente a la Catedral, con una propuesta pensada para pasear, quedar con amigos y disfrutar sin prisas.<\/p>\n\n\n\n<p>Be Palma va mucho m\u00e1s all\u00e1 de una feria: es m\u00fasica en directo cada d\u00eda, terrazas llenas, buen ambiente y planes que se alargan hasta la noche. Durante toda la semana pasar\u00e1n por el escenario artistas como Miquel Font, Stefano Munari, Carlos Mayans, Juan Campos, El\u00edas S\u00e1nchez o Niko Bellotto, entre otros.<\/p>\n\n\n\n<p>A todo esto se suma una amplia oferta de casetas con comida, bebida y producto local, adem\u00e1s de una zona de artesan\u00eda que completa la experiencia y convierte el espacio en un plan perfecto para todos los p\u00fablicos.<\/p>\n\n\n\n<p>Con entrada libre y una ubicaci\u00f3n privilegiada junto al mar, Be Palma se posiciona como uno de los imprescindibles del puente: m\u00fasica, ambiente y ganas de fiesta en uno de los enclaves m\u00e1s emblem\u00e1ticos de Palma.<\/p>\n\n\n\n<p><strong>Horarios de la feria<\/strong><\/p>\n\n\n\n<p>Mi\u00e9rcoles 29 de abril: de 11:00 a 22:00 horas<\/p>\n\n\n\n<p>Jueves 30 de abril: de 11:00 a 24:00 horas<\/p>\n\n\n\n<p>Viernes 1 de mayo: de 11:00 a 24:00 horas<\/p>\n\n\n\n<p>S\u00e1bado 2 de mayo: de 11:00 a 24:00 horas<\/p>\n\n\n\n<p>Domingo 3 de mayo: de 11:00 a 22:00 horas<\/p>\n\n\n\n<p><strong>Programaci\u00f3n musical<\/strong><\/p>\n\n\n\n<p>29 de abril<\/p>\n\n\n\n<p>18:30 \u2013 20:00: Miquel Font<\/p>\n\n\n\n<p>20:00 \u2013 22:00: Stefano Munari<\/p>\n\n\n\n<p>30 de abril<\/p>\n\n\n\n<p>18:00 \u2013 19:30: Miquel Font<\/p>\n\n\n\n<p>19:30 \u2013 20:00: Peter Manyaku<\/p>\n\n\n\n<p>20:00 \u2013 22:00: Carlos Mayans<\/p>\n\n\n\n<p>22:00 \u2013 24:00: Juan Campos<\/p>\n\n\n\n<p>1 de mayo<\/p>\n\n\n\n<p>18:00 \u2013 20:00: El\u00edas S\u00e1nchez<\/p>\n\n\n\n<p>20:00 \u2013 22:00: Miquel Font<\/p>\n\n\n\n<p>22:00 \u2013 24:00: Antto Cabanellas i Biel Castell<\/p>\n\n\n\n<p>2 de mayo<\/p>\n\n\n\n<p>18:00 \u2013 20:00: Nacho Gran Reserva<\/p>\n\n\n\n<p>20:00 \u2013 22:00: El\u00edas S\u00e1nchez<\/p>\n\n\n\n<p>22:00 \u2013 24:00: Miquel Font<\/p>\n\n\n\n<p>3 de mayo<\/p>\n\n\n\n<p>16:00 \u2013 18:00: Niko Bellotto<\/p>\n\n\n\n<p>18:00 \u2013 20:00: El\u00edas S\u00e1nchez<\/p>\n\n\n\n<p>Consulta toda la informaci\u00f3n en la web<a href=\"http:\/\/www.bepalma.com\" title=\"\"> www.bepalma.com<\/a><\/p>\n","protected":false},"excerpt":{"rendered":"<p>Si hay un ambiente que va a marcar este puente de mayo en Palma, es el de Be Palma. Del 29 de abril al 3 de mayo, el Parc de la Mar se transforma en un gran punto de encuentro frente a la Catedral, con una propuesta pensada para pasear, quedar con amigos y disfrutar [&hellip;]<\/p>\n","protected":false},"author":5,"featured_media":16357,"comment_status":"closed","ping_status":"closed","sticky":false,"template":"","format":"standard","meta":{"_acf_changed":false,"footnotes":""},"categories":[1],"tags":[278],"class_list":["post-16359","post","type-post","status-publish","format-standard","has-post-thumbnail","hentry","category-evento","tag-destacado-es"],"acf":[],"aioseo_notices":[],"_links":{"self":[{"href":"https:\/\/firesifestes.es\/es\/wp-json\/wp\/v2\/posts\/16359","targetHints":{"allow":["GET"]}}],"collection":[{"href":"https:\/\/firesifestes.es\/es\/wp-json\/wp\/v2\/posts"}],"about":[{"href":"https:\/\/firesifestes.es\/es\/wp-json\/wp\/v2\/types\/post"}],"author":[{"embeddable":true,"href":"https:\/\/firesifestes.es\/es\/wp-json\/wp\/v2\/users\/5"}],"replies":[{"embeddable":true,"href":"https:\/\/firesifestes.es\/es\/wp-json\/wp\/v2\/comments?post=16359"}],"version-history":[{"count":4,"href":"https:\/\/firesifestes.es\/es\/wp-json\/wp\/v2\/posts\/16359\/revisions"}],"predecessor-version":[{"id":16371,"href":"https:\/\/firesifestes.es\/es\/wp-json\/wp\/v2\/posts\/16359\/revisions\/16371"}],"wp:featuredmedia":[{"embeddable":true,"href":"https:\/\/firesifestes.es\/es\/wp-json\/wp\/v2\/media\/16357"}],"wp:attachment":[{"href":"https:\/\/firesifestes.es\/es\/wp-json\/wp\/v2\/media?parent=16359"}],"wp:term":[{"taxonomy":"category","embeddable":true,"href":"https:\/\/firesifestes.es\/es\/wp-json\/wp\/v2\/categories?post=16359"},{"taxonomy":"post_tag","embeddable":true,"href":"https:\/\/firesifestes.es\/es\/wp-json\/wp\/v2\/tags?post=16359"}],"curies":[{"name":"wp","href":"https:\/\/api.w.org\/{rel}","templated":true}]}}